{"id":260,"count":12,"description":"","link":"https:\/\/www.mined.gob.ni\/biblioteca\/product-category\/coleccion-civica-y-patriotica\/","name":"Colecci\u00f3n C\u00edvica y Patri\u00f3tica","slug":"coleccion-civica-y-patriotica","taxonomy":"product_cat","parent":0,"meta":[],"_links":{"self":[{"href":"https:\/\/www.mined.gob.ni\/biblioteca\/wp-json\/wp\/v2\/product_cat\/260","targetHints":{"allow":["GET"]}}],"collection":[{"href":"https:\/\/www.mined.gob.ni\/biblioteca\/wp-json\/wp\/v2\/product_cat"}],"about":[{"href":"https:\/\/www.mined.gob.ni\/biblioteca\/wp-json\/wp\/v2\/taxonomies\/product_cat"}],"wp:post_type":[{"href":"https:\/\/www.mined.gob.ni\/biblioteca\/wp-json\/wp\/v2\/product?product_cat=260"}],"curies":[{"name":"wp","href":"https:\/\/api.w.org\/{rel}","templated":true}]}}