{"id":2649,"date":"2024-07-29T22:28:47","date_gmt":"2024-07-29T20:28:47","guid":{"rendered":"https:\/\/10.229.12.162\/fiestas-patrias\/?p=2649"},"modified":"2024-08-31T19:34:20","modified_gmt":"2024-08-31T17:34:20","slug":"el-significado-del-escudo-nacional","status":"publish","type":"post","link":"https:\/\/www.mined.gob.ni\/fiestas-patrias\/2024\/07\/29\/el-significado-del-escudo-nacional\/","title":{"rendered":"El significado del Escudo Nacional"},"content":{"rendered":"\n<p>El <strong>Escudo<\/strong> <strong>Nacional <\/strong>es un tri\u00e1ngulo equil\u00e1tero reflejando igualdad, hermandad y la rectitud de nuestra Patria.&nbsp;<\/p>\n\n\n\n<p>El <strong>Arco Iris<\/strong> significa la <strong>Paz <\/strong>que debe prevalecer en nuestro pueblo y en las Naciones hermanas.<\/p>\n\n\n\n<p><strong>El Gorro Frigio <\/strong>es el s\u00edmbolo de Libertad y los 5 <strong>Volcanes <\/strong>significan <strong>Uni\u00f3n <\/strong>y <strong>Fraternidad <\/strong>de los cinco pa\u00edses centroamericanos, Nicaragua, Guatemala, Honduras, El Salvador y Costa Rica.<\/p>\n\n\n\n<p>El <strong>Escudo <\/strong>se encuentra alrededor del tri\u00e1ngulo, de forma circular y letras en oro, la leyenda \u201c<strong>Rep\u00fablica de Nicaragua \u2013 Am\u00e9rica Central\u201d<\/strong>. La figura circular que forma la leyenda simboliza Provincias Unidas del Centro de Am\u00e9rica.<\/p>\n\n\n\n<p>Fue creado junto con la actual Bandera mediante el Decreto Legislativo del 5 de septiembre de 1908, durante la presidencia de Jos\u00e9 Santos Zelaya L\u00f3pez, y est\u00e1 constituido por dos elementos: uno perif\u00e9rico y otro central.<\/p>\n\n\n\n<p>El 27 de agosto de 1971, fue publicado en La Gaceta, Diario Oficial No.194, el Decreto Legislativo No. 1908 &#8220;Ley sobre Caracter\u00edsticas y Uso de los S\u00edmbolos Patrios&#8221;, que especifica el uso del Escudo Nacional: los cinco volcanes son de color verde amarillento; el cielo donde est\u00e1 el arco\u00edris es de color azul p\u00e1lido; el gorro frigio es rojo bermell\u00f3n; los mares son azul ultramar y las letras may\u00fasculas, de igual tama\u00f1o, son de oro met\u00e1lico.<\/p>\n\n\n\n<p><strong>Similitud con el Escudo de El Salvador<\/strong><\/p>\n\n\n\n<p>El dise\u00f1o se basa en el Escudo que perteneci\u00f3 a las Provincias Unidas del Centro de Am\u00e9rica.<\/p>\n\n\n\n<figure class=\"wp-block-image size-full is-resized\"><img fetchpriority=\"high\" decoding=\"async\" width=\"825\" height=\"516\" src=\"https:\/\/10.229.12.162\/fiestas-patrias\/wp-content\/uploads\/2024\/07\/escudosnacionalesnicaraguasalvador_49_original.jpg\" alt=\"\" class=\"wp-image-2650\" style=\"width:840px;height:auto\" srcset=\"https:\/\/www.mined.gob.ni\/fiestas-patrias\/wp-content\/uploads\/2024\/07\/escudosnacionalesnicaraguasalvador_49_original.jpg 825w, https:\/\/www.mined.gob.ni\/fiestas-patrias\/wp-content\/uploads\/2024\/07\/escudosnacionalesnicaraguasalvador_49_original-300x188.jpg 300w, https:\/\/www.mined.gob.ni\/fiestas-patrias\/wp-content\/uploads\/2024\/07\/escudosnacionalesnicaraguasalvador_49_original-768x480.jpg 768w\" sizes=\"(max-width: 825px) 100vw, 825px\" \/><\/figure>\n\n\n\n<p>Como dato anecd\u00f3tico a resaltar, el Escudo de Nicaragua es muy parecido al Escudo de El Salvador, con las diferencias que el Escudo salvadore\u00f1o tiene 5 banderas nacionales detr\u00e1s del tri\u00e1ngulo, una corona de laurel a su alrededor con la fecha de la independencia de Centroam\u00e9rica y debajo el lema Dios, Uni\u00f3n, Libertad.<\/p>\n","protected":false},"excerpt":{"rendered":"<p>El Escudo Nacional es un tri\u00e1ngulo equil\u00e1tero reflejando igualdad, hermandad y la rectitud de nuestra Patria.&nbsp; El Arco Iris significa la Paz que debe prevalecer en nuestro pueblo y en las Naciones hermanas. El Gorro Frigio es el s\u00edmbolo de Libertad y los 5 Volcanes significan Uni\u00f3n y Fraternidad de los cinco pa\u00edses centroamericanos, Nicaragua,&#8230;<\/p>\n","protected":false},"author":1,"featured_media":2652,"comment_status":"open","ping_status":"open","sticky":false,"template":"","format":"standard","meta":{"footnotes":""},"categories":[39],"tags":[30],"class_list":["post-2649","post","type-post","status-publish","format-standard","has-post-thumbnail","hentry","category-simbolos-patrios-y-nacionales","tag-escudo-nacional","th-blog blog-single has-post-thumbnail"],"_links":{"self":[{"href":"https:\/\/www.mined.gob.ni\/fiestas-patrias\/wp-json\/wp\/v2\/posts\/2649"}],"collection":[{"href":"https:\/\/www.mined.gob.ni\/fiestas-patrias\/wp-json\/wp\/v2\/posts"}],"about":[{"href":"https:\/\/www.mined.gob.ni\/fiestas-patrias\/wp-json\/wp\/v2\/types\/post"}],"author":[{"embeddable":true,"href":"https:\/\/www.mined.gob.ni\/fiestas-patrias\/wp-json\/wp\/v2\/users\/1"}],"replies":[{"embeddable":true,"href":"https:\/\/www.mined.gob.ni\/fiestas-patrias\/wp-json\/wp\/v2\/comments?post=2649"}],"version-history":[{"count":1,"href":"https:\/\/www.mined.gob.ni\/fiestas-patrias\/wp-json\/wp\/v2\/posts\/2649\/revisions"}],"predecessor-version":[{"id":2651,"href":"https:\/\/www.mined.gob.ni\/fiestas-patrias\/wp-json\/wp\/v2\/posts\/2649\/revisions\/2651"}],"wp:featuredmedia":[{"embeddable":true,"href":"https:\/\/www.mined.gob.ni\/fiestas-patrias\/wp-json\/wp\/v2\/media\/2652"}],"wp:attachment":[{"href":"https:\/\/www.mined.gob.ni\/fiestas-patrias\/wp-json\/wp\/v2\/media?parent=2649"}],"wp:term":[{"taxonomy":"category","embeddable":true,"href":"https:\/\/www.mined.gob.ni\/fiestas-patrias\/wp-json\/wp\/v2\/categories?post=2649"},{"taxonomy":"post_tag","embeddable":true,"href":"https:\/\/www.mined.gob.ni\/fiestas-patrias\/wp-json\/wp\/v2\/tags?post=2649"}],"curies":[{"name":"wp","href":"https:\/\/api.w.org\/{rel}","templated":true}]}}