{"id":2680,"date":"2024-08-31T18:15:04","date_gmt":"2024-08-31T16:15:04","guid":{"rendered":"https:\/\/10.229.12.162\/fiestas-patrias\/?p=2680"},"modified":"2024-08-31T18:15:05","modified_gmt":"2024-08-31T16:15:05","slug":"himno-nacional-salve-a-ti-nicaragua","status":"publish","type":"post","link":"https:\/\/www.mined.gob.ni\/fiestas-patrias\/2024\/08\/31\/himno-nacional-salve-a-ti-nicaragua\/","title":{"rendered":"Himno Nacional \u201cSalve a ti, Nicaragua\u201d"},"content":{"rendered":"\n<p>Es el canto patri\u00f3tico de Nicaragua conocido como \u00a1<strong>Salve a ti, Nicaragua!<\/strong>, es el m\u00e1s corto de Centroam\u00e9rica y es deber de todo Nicarag\u00fcense entonarlo con orgullo y fervor patri\u00f3tico.<\/p>\n\n\n\n<p>El Himno Nacional es un acto sublime que exige al ciudadano respeto, civismo y la pr\u00e1ctica permanente en las ocasiones que la ley y la sociedad lo indiquen.<\/p>\n\n\n\n<p>Salve a ti Nicaragua, como se conoce el canto patrio de este pa\u00eds centroamericano fue entonado aquel d\u00eda por los profesores Luis A. Delgadillo, Carlos Ram\u00edrez y Alberto Selva, quienes eran miembros del tribunal que acept\u00f3 la adaptaci\u00f3n de la letra a la m\u00fasica, en un concurso donde las bases del concurso establec\u00edan que la canci\u00f3n nacional hablar\u00e1 de la paz y el trabajo, y as\u00ed lo reflej\u00f3 la letra ganadora llev\u00e1ndose a cabo en la sede del entonces Ministerio de la Guerra.<\/p>\n\n\n\n<p>Fue entonado por primera vez el 16 de diciembre de 1918, su letra la escribi\u00f3 <strong>Salom\u00f3n Ibarra Mayorga<\/strong> de Chinandega; su oficializaci\u00f3n como Himno Nacional de Nicaragua tuvo lugar el 20 de octubre de 1939, aprobada por decreto ejecutivo N<sup>0<\/sup>. 3, publicado en La Gaceta, Diario Oficial N\u00b0. 231.<\/p>\n\n\n\n<p>El Himno Nacional es de origen religioso, su melod\u00eda sirvi\u00f3 de alternativa con instrucciones y oraciones catequ\u00edsticas, en el cual lo refer\u00eda el poeta nicarag\u00fcense <strong><em>Ibarra Mayorga<\/em><\/strong> la melod\u00eda que el fraile ense\u00f1aba fue transmiti\u00e9ndose de generaci\u00f3n en generaci\u00f3n, llegando con el tiempo la partitura del canto referido, a manos del profesor de educaci\u00f3n musical don Marcelo Soto.<\/p>\n\n\n\n<p>Para la fecha de proclamaci\u00f3n de la Independencia de Centroam\u00e9rica, el canto lit\u00fargico del misionero franciscano se hab\u00eda generalizado y el pueblo nicarag\u00fcense lo entonaba tanto en las actividades religiosas como pol\u00edticas.<\/p>\n\n\n\n<p>Debemos guardar respeto a los s\u00edmbolos de la patria porque ellos representan los sentimientos, valores, la moral, de todos los que constituyen la patria.<\/p>\n","protected":false},"excerpt":{"rendered":"<p>Es el canto patri\u00f3tico de Nicaragua conocido como \u00a1Salve a ti, Nicaragua!, es el m\u00e1s corto de Centroam\u00e9rica y es deber de todo Nicarag\u00fcense entonarlo con orgullo y fervor patri\u00f3tico. El Himno Nacional es un acto sublime que exige al ciudadano respeto, civismo y la pr\u00e1ctica permanente en las ocasiones que la ley y la&#8230;<\/p>\n","protected":false},"author":1,"featured_media":2681,"comment_status":"closed","ping_status":"closed","sticky":false,"template":"","format":"standard","meta":{"footnotes":""},"categories":[39],"tags":[40],"class_list":["post-2680","post","type-post","status-publish","format-standard","has-post-thumbnail","hentry","category-simbolos-patrios-y-nacionales","tag-himno-nacional","th-blog blog-single has-post-thumbnail"],"_links":{"self":[{"href":"https:\/\/www.mined.gob.ni\/fiestas-patrias\/wp-json\/wp\/v2\/posts\/2680"}],"collection":[{"href":"https:\/\/www.mined.gob.ni\/fiestas-patrias\/wp-json\/wp\/v2\/posts"}],"about":[{"href":"https:\/\/www.mined.gob.ni\/fiestas-patrias\/wp-json\/wp\/v2\/types\/post"}],"author":[{"embeddable":true,"href":"https:\/\/www.mined.gob.ni\/fiestas-patrias\/wp-json\/wp\/v2\/users\/1"}],"replies":[{"embeddable":true,"href":"https:\/\/www.mined.gob.ni\/fiestas-patrias\/wp-json\/wp\/v2\/comments?post=2680"}],"version-history":[{"count":1,"href":"https:\/\/www.mined.gob.ni\/fiestas-patrias\/wp-json\/wp\/v2\/posts\/2680\/revisions"}],"predecessor-version":[{"id":2682,"href":"https:\/\/www.mined.gob.ni\/fiestas-patrias\/wp-json\/wp\/v2\/posts\/2680\/revisions\/2682"}],"wp:featuredmedia":[{"embeddable":true,"href":"https:\/\/www.mined.gob.ni\/fiestas-patrias\/wp-json\/wp\/v2\/media\/2681"}],"wp:attachment":[{"href":"https:\/\/www.mined.gob.ni\/fiestas-patrias\/wp-json\/wp\/v2\/media?parent=2680"}],"wp:term":[{"taxonomy":"category","embeddable":true,"href":"https:\/\/www.mined.gob.ni\/fiestas-patrias\/wp-json\/wp\/v2\/categories?post=2680"},{"taxonomy":"post_tag","embeddable":true,"href":"https:\/\/www.mined.gob.ni\/fiestas-patrias\/wp-json\/wp\/v2\/tags?post=2680"}],"curies":[{"name":"wp","href":"https:\/\/api.w.org\/{rel}","templated":true}]}}