{"id":2698,"date":"2024-08-31T19:25:23","date_gmt":"2024-08-31T17:25:23","guid":{"rendered":"https:\/\/10.229.12.162\/fiestas-patrias\/?p=2698"},"modified":"2024-08-31T19:25:24","modified_gmt":"2024-08-31T17:25:24","slug":"el-madrono-arbol-nacional-de-nicaragua-y-su-sutil-fragancia","status":"publish","type":"post","link":"https:\/\/www.mined.gob.ni\/fiestas-patrias\/2024\/08\/31\/el-madrono-arbol-nacional-de-nicaragua-y-su-sutil-fragancia\/","title":{"rendered":"El Madro\u00f1o, \u00c1rbol Nacional de Nicaragua y su sutil fragancia"},"content":{"rendered":"\n<p><strong>El madro\u00f1o<\/strong> es el \u00c1rbol Nacional de Nicaragua desde <strong>1971<\/strong>. En La Gaceta, Diario Oficial de la Rep\u00fablica de Nicaragua, n\u00famero 194, aparece reproducido el Decreto Legislativo No. 1891 por el cual se declara al madro\u00f1o \u00c1rbol Nacional de Nicaragua.<\/p>\n\n\n\n<p>A nivel nacional y en cada rinc\u00f3n del pa\u00eds podemos encontrar este \u00e1rbol quien con sus colores vistosos adorna cualquier lugar donde se encuentre. Actualmente los podemos encontrar en muchas alcald\u00edas del pa\u00eds, sembrado en parques, bulevares, hogares y escuelas.<\/p>\n\n\n\n<p>El madro\u00f1o se desarrolla a temperaturas de 26 grados cent\u00edgrados, con promedio de precipitaci\u00f3n anual entre 1,200 y 1,700 mil\u00edmetros, entre los cinco y los 500 metros sobre el nivel del mar.<\/p>\n\n\n\n<p>Crece com\u00fanmente en la Costa del Pac\u00edfico y cuando florece, en los meses de noviembre a febrero, adquiere el aspecto de una masa blanca cremosa uniforme, que lo destaca entre las tonalidades verdes del bosque seco tropical.<\/p>\n\n\n\n<p>Sus ramas en esa \u00e9poca, cortadas en tama\u00f1os adecuados, se usan para <strong>adornar altares de la Pur\u00edsima<\/strong>; y la <strong>sutil fragancia<\/strong> <strong>de sus flores se incorpora al humo del incienso<\/strong>, al fervor de los cantos y a la algarab\u00eda popular de los nicarag\u00fcenses.<\/p>\n\n\n\n<p>Al Madro\u00f1o se le da el nombre de <strong>Harino y Alazano<\/strong> en Panam\u00e1; de <strong>Urraca<\/strong> en Honduras; de <strong>Camar\u00f3n<\/strong> en M\u00e9xico; de <strong>S\u00e1lamo<\/strong> en Costa Rica y en Nicaragua como <strong>Madro\u00f1o<\/strong>.<\/p>\n\n\n\n<p>Crece en M\u00e9xico, Cuba, Centroam\u00e9rica y hasta la parte norte de la Am\u00e9rica Sur, con altura media de 15 a 20 metros; de ramas flexibles, color rojo marr\u00f3n, lustroso, generalmente con escamas.<\/p>\n\n\n\n<p>Su fina madera es pesada, fuerte, de grano fino, el\u00e1stica y f\u00e1cil para ser elaborada; se emplea en mangos de herramientas, postes, le\u00f1as y carb\u00f3n. Los ranchos de antes luc\u00edan tirantes, soleras y cumbreras del fuerte madro\u00f1o.<\/p>\n\n\n\n<p>En diciembre los \u00e1rboles de algunas zonas del mundo se cubren de nieve y en Nicaragua, los Madro\u00f1os se visten de blanco. Durante los primeros diez meses del a\u00f1o pasan casi inadvertidos, confundiendo su verde con el verdor de los dem\u00e1s \u00e1rboles.<\/p>\n\n\n\n<p>En noviembre, empieza a clarear sus hojitas, hasta vestirse todos del manto n\u00edveo blanco, que los caracteriza. Saludan los <strong>aires dicembrinos<\/strong> con su silueta que, de lejos, parece una vela agit\u00e1ndose en el mar verde del follaje campestre, proclamando al viento el privilegio de ser el \u00e1rbol nacional de Nicaragua.<\/p>\n\n\n\n<p>Los madro\u00f1os evocan golosinas, petardos y sones de Pascua. Los diciembres huelen a madro\u00f1os en flor, ese es el \u00c1rbol Nacional, el que representa a cada uno de los nicarag\u00fcenses y el que con el olor de sus flores nos avisa que ya viene diciembre.<\/p>\n\n\n\n<figure class=\"wp-block-image size-large\"><img fetchpriority=\"high\" decoding=\"async\" width=\"896\" height=\"1024\" src=\"https:\/\/10.229.12.162\/fiestas-patrias\/wp-content\/uploads\/2024\/08\/GUT6Z5TWsAEo1uY-896x1024.jpg\" alt=\"\" class=\"wp-image-2700\" srcset=\"https:\/\/www.mined.gob.ni\/fiestas-patrias\/wp-content\/uploads\/2024\/08\/GUT6Z5TWsAEo1uY-896x1024.jpg 896w, https:\/\/www.mined.gob.ni\/fiestas-patrias\/wp-content\/uploads\/2024\/08\/GUT6Z5TWsAEo1uY-263x300.jpg 263w, https:\/\/www.mined.gob.ni\/fiestas-patrias\/wp-content\/uploads\/2024\/08\/GUT6Z5TWsAEo1uY-768x878.jpg 768w, https:\/\/www.mined.gob.ni\/fiestas-patrias\/wp-content\/uploads\/2024\/08\/GUT6Z5TWsAEo1uY-1344x1536.jpg 1344w, https:\/\/www.mined.gob.ni\/fiestas-patrias\/wp-content\/uploads\/2024\/08\/GUT6Z5TWsAEo1uY.jpg 1400w\" sizes=\"(max-width: 896px) 100vw, 896px\" \/><\/figure>\n","protected":false},"excerpt":{"rendered":"<p>El madro\u00f1o es el \u00c1rbol Nacional de Nicaragua desde 1971. En La Gaceta, Diario Oficial de la Rep\u00fablica de Nicaragua, n\u00famero 194, aparece reproducido el Decreto Legislativo No. 1891 por el cual se declara al madro\u00f1o \u00c1rbol Nacional de Nicaragua. A nivel nacional y en cada rinc\u00f3n del pa\u00eds podemos encontrar este \u00e1rbol quien con&#8230;<\/p>\n","protected":false},"author":1,"featured_media":2699,"comment_status":"closed","ping_status":"closed","sticky":false,"template":"","format":"standard","meta":{"footnotes":""},"categories":[39],"tags":[],"class_list":["post-2698","post","type-post","status-publish","format-standard","has-post-thumbnail","hentry","category-simbolos-patrios-y-nacionales","th-blog blog-single has-post-thumbnail"],"_links":{"self":[{"href":"https:\/\/www.mined.gob.ni\/fiestas-patrias\/wp-json\/wp\/v2\/posts\/2698"}],"collection":[{"href":"https:\/\/www.mined.gob.ni\/fiestas-patrias\/wp-json\/wp\/v2\/posts"}],"about":[{"href":"https:\/\/www.mined.gob.ni\/fiestas-patrias\/wp-json\/wp\/v2\/types\/post"}],"author":[{"embeddable":true,"href":"https:\/\/www.mined.gob.ni\/fiestas-patrias\/wp-json\/wp\/v2\/users\/1"}],"replies":[{"embeddable":true,"href":"https:\/\/www.mined.gob.ni\/fiestas-patrias\/wp-json\/wp\/v2\/comments?post=2698"}],"version-history":[{"count":1,"href":"https:\/\/www.mined.gob.ni\/fiestas-patrias\/wp-json\/wp\/v2\/posts\/2698\/revisions"}],"predecessor-version":[{"id":2701,"href":"https:\/\/www.mined.gob.ni\/fiestas-patrias\/wp-json\/wp\/v2\/posts\/2698\/revisions\/2701"}],"wp:featuredmedia":[{"embeddable":true,"href":"https:\/\/www.mined.gob.ni\/fiestas-patrias\/wp-json\/wp\/v2\/media\/2699"}],"wp:attachment":[{"href":"https:\/\/www.mined.gob.ni\/fiestas-patrias\/wp-json\/wp\/v2\/media?parent=2698"}],"wp:term":[{"taxonomy":"category","embeddable":true,"href":"https:\/\/www.mined.gob.ni\/fiestas-patrias\/wp-json\/wp\/v2\/categories?post=2698"},{"taxonomy":"post_tag","embeddable":true,"href":"https:\/\/www.mined.gob.ni\/fiestas-patrias\/wp-json\/wp\/v2\/tags?post=2698"}],"curies":[{"name":"wp","href":"https:\/\/api.w.org\/{rel}","templated":true}]}}