{"id":2709,"date":"2024-08-31T19:36:36","date_gmt":"2024-08-31T17:36:36","guid":{"rendered":"https:\/\/10.229.12.162\/fiestas-patrias\/?p=2709"},"modified":"2024-08-31T19:36:38","modified_gmt":"2024-08-31T17:36:38","slug":"el-guardabarranco-ave-nacional-de-nicaragua-desde-1971","status":"publish","type":"post","link":"https:\/\/www.mined.gob.ni\/fiestas-patrias\/2024\/08\/31\/el-guardabarranco-ave-nacional-de-nicaragua-desde-1971\/","title":{"rendered":"El Guardabarranco, Ave Nacional de Nicaragua desde 1971"},"content":{"rendered":"\n<p><strong>El Guardabarranco<\/strong> (<strong><em>Eumomota superciliosa<\/em><\/strong>) representa con gran elegancia al pa\u00eds, teniendo el t\u00edtulo de Ave Nacional de Nicaragua.&nbsp;&nbsp;<\/p>\n\n\n\n<p>Se dedara por Decreto No. 1891, publicado en La Gaceta, Diario Oficial No. 194, del 27 de agosto de 1971, que es el Guardabarranco, el ave nacional de Nicaragua.<\/p>\n\n\n\n<p>El Guardabarranco, es un p\u00e1jaro de tama\u00f1o peque\u00f1o, tiene alas cortas, redondas y la cola larga, con las plumas extremas en forma de raquetas.<\/p>\n\n\n\n<p>Los Guardabarrancos, se lanzan de repente de sus posaderos para atrapar alg\u00fan insecto, tambi\u00e9n se alimentan de frutas. La nidificaci\u00f3n se realiza en una madriguera excavada por la pareja o en cuevas o nichos naturales, en \u00e1reas calizas.<\/p>\n\n\n\n<p>Sin duda es una <strong>bella ave<\/strong>, la cual cuando se le logra observar sus colores llaman la atenci\u00f3n y deslumbran.<\/p>\n\n\n\n<p><strong>El tono y colorido de esta ave al observarse,<\/strong> ya sea en las monta\u00f1as y en ocasiones en la ciudad, deja ver la belleza pintoresca de la naturaleza Nicarag\u00fcense, agregando un toque atractivo a la flora y fauna ya existen en la Rep\u00fablica de Nicaragua.<\/p>\n\n\n\n<p>Los adultos presentan una m\u00e1scara angosta negra, que se extiende hasta los auriculares, la ceja larga y la lista angosta por debajo de la parte anterior de la m\u00e1scara color turquesa claro.<\/p>\n\n\n\n<p><strong>El centro de la garganta es negro<\/strong> con un lista turquesa a los lados. El centro de la espalda y la zona posterior del \u00e1rea detr\u00e1s del ojo es color rufo.<\/p>\n\n\n\n<p>El abdomen es rufo canela p\u00e1lido, el resto de la cabeza, el cuello y el cuerpo es verde oliv\u00e1ceo, con la coronilla m\u00e1s oscura.<\/p>\n\n\n\n<p>Los adultos presentan una m\u00e1scara angosta negra, que se extiende hasta los auriculares, la ceja larga y la lista angosta por debajo de la parte anterior de la m\u00e1scara color turquesa claro.<\/p>\n\n\n\n<p><strong>El centro de la garganta es negro<\/strong> con un lista turquesa a los lados. El centro de la espalda y la zona posterior del \u00e1rea detr\u00e1s del ojo es color rufo.<\/p>\n\n\n\n<p>El abdomen es rufo canela p\u00e1lido, el resto de la cabeza, el cuello y el cuerpo es verde oliv\u00e1ceo, con la coronilla m\u00e1s oscura.<\/p>\n","protected":false},"excerpt":{"rendered":"<p>El Guardabarranco (Eumomota superciliosa) representa con gran elegancia al pa\u00eds, teniendo el t\u00edtulo de Ave Nacional de Nicaragua.&nbsp;&nbsp; Se dedara por Decreto No. 1891, publicado en La Gaceta, Diario Oficial No. 194, del 27 de agosto de 1971, que es el Guardabarranco, el ave nacional de Nicaragua. El Guardabarranco, es un p\u00e1jaro de tama\u00f1o peque\u00f1o,&#8230;<\/p>\n","protected":false},"author":1,"featured_media":2710,"comment_status":"closed","ping_status":"closed","sticky":false,"template":"","format":"standard","meta":{"footnotes":""},"categories":[39],"tags":[],"class_list":["post-2709","post","type-post","status-publish","format-standard","has-post-thumbnail","hentry","category-simbolos-patrios-y-nacionales","th-blog blog-single has-post-thumbnail"],"_links":{"self":[{"href":"https:\/\/www.mined.gob.ni\/fiestas-patrias\/wp-json\/wp\/v2\/posts\/2709"}],"collection":[{"href":"https:\/\/www.mined.gob.ni\/fiestas-patrias\/wp-json\/wp\/v2\/posts"}],"about":[{"href":"https:\/\/www.mined.gob.ni\/fiestas-patrias\/wp-json\/wp\/v2\/types\/post"}],"author":[{"embeddable":true,"href":"https:\/\/www.mined.gob.ni\/fiestas-patrias\/wp-json\/wp\/v2\/users\/1"}],"replies":[{"embeddable":true,"href":"https:\/\/www.mined.gob.ni\/fiestas-patrias\/wp-json\/wp\/v2\/comments?post=2709"}],"version-history":[{"count":1,"href":"https:\/\/www.mined.gob.ni\/fiestas-patrias\/wp-json\/wp\/v2\/posts\/2709\/revisions"}],"predecessor-version":[{"id":2711,"href":"https:\/\/www.mined.gob.ni\/fiestas-patrias\/wp-json\/wp\/v2\/posts\/2709\/revisions\/2711"}],"wp:featuredmedia":[{"embeddable":true,"href":"https:\/\/www.mined.gob.ni\/fiestas-patrias\/wp-json\/wp\/v2\/media\/2710"}],"wp:attachment":[{"href":"https:\/\/www.mined.gob.ni\/fiestas-patrias\/wp-json\/wp\/v2\/media?parent=2709"}],"wp:term":[{"taxonomy":"category","embeddable":true,"href":"https:\/\/www.mined.gob.ni\/fiestas-patrias\/wp-json\/wp\/v2\/categories?post=2709"},{"taxonomy":"post_tag","embeddable":true,"href":"https:\/\/www.mined.gob.ni\/fiestas-patrias\/wp-json\/wp\/v2\/tags?post=2709"}],"curies":[{"name":"wp","href":"https:\/\/api.w.org\/{rel}","templated":true}]}}