{"id":2600,"date":"2023-05-08T15:03:22","date_gmt":"2023-05-08T15:03:22","guid":{"rendered":"https:\/\/www.mined.gob.ni\/mapadelaeducacion\/?p=2600"},"modified":"2023-05-12T19:42:31","modified_gmt":"2023-05-12T19:42:31","slug":"isaac-una-historia-de-amor-y-sacrificio-en-la-educacion","status":"publish","type":"post","link":"https:\/\/www.mined.gob.ni\/mapadelaeducacion\/isaac-una-historia-de-amor-y-sacrificio-en-la-educacion\/","title":{"rendered":"Isaac, una historia de amor y sacrificio en la educaci\u00f3n"},"content":{"rendered":"<div class=\"entry-content clearfix\">\n<p>Con su uniforme azul y blanco, acompa\u00f1ado por sus compa\u00f1eritos de clases, maestros, padres y madres de familia, as\u00ed recibi\u00f3 su diploma de Sexto Grado, Isaac de Jes\u00fas Granja Delgado, durante la primera promoci\u00f3n de ni\u00f1os con discapacidad, en San Carlos, R\u00edo San Juan.<\/p>\n<p><img loading=\"lazy\" decoding=\"async\" class=\"aligncenter wp-image-6730 size-full\" src=\"https:\/\/www.mined.gob.ni\/wp-content\/uploads\/2018\/12\/ISAAC-GRANJA-RIO-SAN-JUAN-47jpg.jpg\" sizes=\"auto, (max-width: 850px) 100vw, 850px\" srcset=\"https:\/\/www.mined.gob.ni\/wp-content\/uploads\/2018\/12\/ISAAC-GRANJA-RIO-SAN-JUAN-47jpg.jpg 850w, https:\/\/www.mined.gob.ni\/wp-content\/uploads\/2018\/12\/ISAAC-GRANJA-RIO-SAN-JUAN-47jpg-300x156.jpg 300w\" alt=\"\" width=\"850\" height=\"441\" \/><\/p>\n<p>La historia de este ni\u00f1o, se da a conocer gracias a su abuela Reyna Delgado, quien envi\u00f3 un correo electr\u00f3nico agradeciendo a la vicepresidenta de la Rep\u00fablica, Rosario Murillo, por haber dado la oportunidad de la inclusi\u00f3n educativa a su nieto, y a otros ni\u00f1os del Aula Integrada de la Escuela Jardines de Mi Infancia, en San Carlos.<\/p>\n<p>\u201cEl haber recibido \u00e9l su graduaci\u00f3n, el haber sido motivado con la promoci\u00f3n, a m\u00ed tambi\u00e9n me motiv\u00f3 a decir gracia a Dios y al Buen Gobierno\u201d, sostuvo la abuela de Isaac.<\/p>\n<p>Afirm\u00f3, que gracias al empe\u00f1o del Gobierno Sandinista, los ni\u00f1os y ni\u00f1as con discapacidad, tienen la oportunidad de asistir a las escuelas y desarrollar sus capacidades, en dependencia de sus condiciones.<\/p>\n<p>\u201cEs confortante ver a las familias felices, ver que los maestros hacen posible cumplir esos sue\u00f1os\u2026 recuerdo ver a los padres felices de que sus ni\u00f1os puedan ser integrados y eso es gracias a Dios y a la gesti\u00f3n del gobierno, y el amor de los maestros con los ni\u00f1os\u201d.<\/p>\n<p>Isaac naci\u00f3 con hidrocefalia, a las dos horas de haber nacido fue operado para reducir el da\u00f1o cerebral e introducir una sonda.<\/p>\n<p><img loading=\"lazy\" decoding=\"async\" class=\"aligncenter wp-image-6731 size-full\" src=\"https:\/\/www.mined.gob.ni\/wp-content\/uploads\/2018\/12\/ISAAC-GRANJA-RIO-SAN-JUAN-1.jpg\" sizes=\"auto, (max-width: 850px) 100vw, 850px\" srcset=\"https:\/\/www.mined.gob.ni\/wp-content\/uploads\/2018\/12\/ISAAC-GRANJA-RIO-SAN-JUAN-1.jpg 850w, https:\/\/www.mined.gob.ni\/wp-content\/uploads\/2018\/12\/ISAAC-GRANJA-RIO-SAN-JUAN-1-300x156.jpg 300w\" alt=\"\" width=\"850\" height=\"441\" \/><\/p>\n<p>Aunque el pron\u00f3stico de vida que los doctores le dieron a su madre Nilda Granja, eran poco favorable, Isaac lleva 15 a\u00f1os de vida y lucha.<\/p>\n<p>\u201cA m\u00ed me dieron pastillas para que la leche se me secara, porque no le daban esperanzas de vida, pero yo me aferr\u00e9 a Dios y dije que \u00e9l iba a vivir y as\u00ed fue, Diosito tiene su prop\u00f3sito y lo ha dejado\u201d, manifest\u00f3 la mam\u00e1 de Isaac.<\/p>\n<p>A los siete meses de edad, la salud de Isaac se agrav\u00f3, tras varias convulsiones, qued\u00f3 con par\u00e1lisis completa, un golpe duro, que fortaleci\u00f3 la unidad familiar, pues el abuelo de Isaac, Jos\u00e9 Eusebio, dej\u00f3 de trabajar como billarista, para dedicarse al cuido de su primer nieto.<\/p>\n<p><img loading=\"lazy\" decoding=\"async\" class=\"aligncenter wp-image-6734 size-full\" src=\"https:\/\/www.mined.gob.ni\/wp-content\/uploads\/2018\/12\/ISAAC-GRANJA-RIO-SAN-JUAN-2.jpg\" sizes=\"auto, (max-width: 850px) 100vw, 850px\" srcset=\"https:\/\/www.mined.gob.ni\/wp-content\/uploads\/2018\/12\/ISAAC-GRANJA-RIO-SAN-JUAN-2.jpg 850w, https:\/\/www.mined.gob.ni\/wp-content\/uploads\/2018\/12\/ISAAC-GRANJA-RIO-SAN-JUAN-2-300x156.jpg 300w\" alt=\"\" width=\"850\" height=\"441\" \/><\/p>\n<p>Isaac, por seis a\u00f1os, asisti\u00f3 a la escuela, compart\u00eda el sal\u00f3n con ni\u00f1os con Autismo, S\u00edndrome de Down entre otros; y cuando no pod\u00eda asistir a clases, la maestra llegaba a su hogar para brindarle la atenci\u00f3n psicomotora.<\/p>\n<p><img loading=\"lazy\" decoding=\"async\" class=\"aligncenter wp-image-6732 size-full\" src=\"https:\/\/www.mined.gob.ni\/wp-content\/uploads\/2018\/12\/ISAAC-GRANJA-RIO-SAN-JUAN-3.jpg\" sizes=\"auto, (max-width: 850px) 100vw, 850px\" srcset=\"https:\/\/www.mined.gob.ni\/wp-content\/uploads\/2018\/12\/ISAAC-GRANJA-RIO-SAN-JUAN-3.jpg 850w, https:\/\/www.mined.gob.ni\/wp-content\/uploads\/2018\/12\/ISAAC-GRANJA-RIO-SAN-JUAN-3-300x156.jpg 300w\" alt=\"\" width=\"850\" height=\"441\" \/><\/p>\n<p>\u201cCon \u00e9l he trabajado la motora fina, la audici\u00f3n y el tacto, \u00e9l escuchaba pero no trataba de identificar, en la actualidad identifica sonidos y voces de sus compa\u00f1eros y su familia, su motora era un poco dura, pero se ha logrado un gran avance con \u00e9l\u201d, detall\u00f3 su docente Gloria Centeno.<\/p>\n<p>\u201c\u00c9l si le manipulan un objeto con piedra, \u00e9l reacciona, y con el tacto al ponerle algo suave o algo duro, \u00e9l sabe diferenciarlo, si algo a \u00e9l no le gusta, \u00e9l llora\u201d, explic\u00f3 su mam\u00e1.<\/p>\n<p>Nilda, es madre de tres hijos: Isaac, Hanny y Luc\u00eda, la necesidad de mantener su hogar, la impuls\u00f3 a estudiar y prepararse como docente.<\/p>\n<p><img loading=\"lazy\" decoding=\"async\" class=\"aligncenter wp-image-6733 size-full\" src=\"https:\/\/www.mined.gob.ni\/wp-content\/uploads\/2018\/12\/ISAAC-GRANJA-RIO-SAN-JUAN-4.jpg\" sizes=\"auto, (max-width: 850px) 100vw, 850px\" srcset=\"https:\/\/www.mined.gob.ni\/wp-content\/uploads\/2018\/12\/ISAAC-GRANJA-RIO-SAN-JUAN-4.jpg 850w, https:\/\/www.mined.gob.ni\/wp-content\/uploads\/2018\/12\/ISAAC-GRANJA-RIO-SAN-JUAN-4-300x156.jpg 300w\" alt=\"\" width=\"850\" height=\"441\" \/><\/p>\n<p>Inici\u00f3 impartiendo clases en la modalidad de Primaria Multigrado, Educaci\u00f3n Inicial, y como docente del Aula Integrada.<\/p>\n<p>Las Aulas Integradas, son espacios educativos en las escuelas regulares, para atender a estudiantes con diversas discapacidades, el Ministerio de Educaci\u00f3n (MINED), capacita y promueve el fortalecimiento de conocimientos de los docentes para brindar atenci\u00f3n de calidad a los estudiantes especiales.<\/p>\n<p>Nilda, actualmente labora como asesora pedag\u00f3gica de Educaci\u00f3n Especial Inclusiva, en San Carlos, su experiencia como madre de un ni\u00f1o con discapacidad, le ha servido para incentivar a dem\u00e1s padres de familia, para que incluyan a sus hijos e hijas al sistema educativo.<\/p>\n<p>\u201cA m\u00ed me gusta mi trabajo, me siento identificada no solo por la formaci\u00f3n que me ha dado el gobierno, sino por la experiencia como madre\u2026 Nuestro gobierno ha hecho la restituci\u00f3n de derechos a los ni\u00f1os con discapacidad, les garantiza docentes capacitados, materiales educativos y Merienda Escolar, ya lo que el padre viene a portar es poco\u201d, resalt\u00f3 Nilda.<\/p>\n<p>Isaac, es ejemplo de esa oportunidad que tienen los ni\u00f1os y ni\u00f1as con discapacidad para poder integrarse en la educaci\u00f3n, para desarrollar su autonom\u00eda y alcanzar grandes logros.<\/p>\n<p><img loading=\"lazy\" decoding=\"async\" class=\"aligncenter wp-image-6735 size-full\" src=\"https:\/\/www.mined.gob.ni\/wp-content\/uploads\/2018\/12\/ISAAC-GRANJA-RIO-SAN-JUAN.jpg\" sizes=\"auto, (max-width: 850px) 100vw, 850px\" srcset=\"https:\/\/www.mined.gob.ni\/wp-content\/uploads\/2018\/12\/ISAAC-GRANJA-RIO-SAN-JUAN.jpg 850w, https:\/\/www.mined.gob.ni\/wp-content\/uploads\/2018\/12\/ISAAC-GRANJA-RIO-SAN-JUAN-300x156.jpg 300w\" alt=\"\" width=\"850\" height=\"441\" \/><\/p>\n<p>\u201cEste ni\u00f1o nos deja una gran lecci\u00f3n de aprendizaje, el amor y protecci\u00f3n a nuestros ni\u00f1os, que podemos compartir con las familias y decir que somos capaces, de aprender, como MINED, somos capaces de ense\u00f1ar y aprender de ellos, como las ganas de vivir y salir adelante\u201d, asegur\u00f3 Gabriel Mej\u00eda, delegado departamental del MINED.<\/p>\n<p>La familia de Isaac, se llena de nostalgia al ver c\u00f3mo se ha aferrado a la vida por 15 a\u00f1os, y lograr hechos tan importantes como promocionarse de Sexto Grado.<\/p>\n<p>\u201cMe siento orgullosa de \u00e9l, porque aparte de su discapacidad pudo lograr un Sexto Grado\u201d, sostuvo Hanny Mairena, hermana de Isaac.<\/p>\n<p>\u201cHa sido muy alegre, muy feliz, mucha gente se qued\u00f3 admirada de ver, c\u00f3mo lo llev\u00e1bamos a la escuela, vestido de azul y blanco\u201d, dijo su abuelo Jos\u00e9 Granja.<\/p>\n<p><img loading=\"lazy\" decoding=\"async\" class=\"aligncenter wp-image-6736 size-full\" src=\"https:\/\/www.mined.gob.ni\/wp-content\/uploads\/2018\/12\/ISAAC-GRANJA-RIO-SAN-JUAN-6.jpg\" sizes=\"auto, (max-width: 850px) 100vw, 850px\" srcset=\"https:\/\/www.mined.gob.ni\/wp-content\/uploads\/2018\/12\/ISAAC-GRANJA-RIO-SAN-JUAN-6.jpg 850w, https:\/\/www.mined.gob.ni\/wp-content\/uploads\/2018\/12\/ISAAC-GRANJA-RIO-SAN-JUAN-6-300x156.jpg 300w\" alt=\"\" width=\"850\" height=\"441\" \/><\/p>\n<p>\u201c15 a\u00f1o haci\u00e9ndonos re\u00edr, llorar, dedic\u00e1ndole lo necesario lo m\u00e1s que se puede a \u00e9l porque \u00e9l es quien nos llena de cari\u00f1o, amor, tristeza, pero ah\u00ed estamos 15 a\u00f1os ya\u201d manifest\u00f3 su abuela Reyna Delgado.<\/p>\n<p>Delgado, asegur\u00f3 que as\u00ed como ellos que se unieron como familia, todos aquellos padres y madres deben brindarles esas oportunidades a sus hijos, sin importar la discapacidad que tengan.<\/p>\n<p>\u201cLa discapacidad est\u00e1, solo hace falta romper estas brechas, sacar a los ni\u00f1os para que tengan mejores oportunidades\u2026 de vida, amor y oportunidad social\u201d destac\u00f3.<\/p>\n<p>Aunque Isaac no pueda leer o escribir, logr\u00f3 algo muy importante: abrir sus manos, comunicarse, sonre\u00edr al escuchar una canci\u00f3n, o\u00edr las tiernas palabras de amor de su familia, dici\u00e9ndole que siempre estar\u00e1n para \u00e9l, que viven a diario por \u00e9l y que es su mayor motivaci\u00f3n e inspiraci\u00f3n en la vida.<\/p>\n<p><strong>Comunicaci\u00f3n Social<\/strong><\/p>\n<\/div>\n","protected":false},"excerpt":{"rendered":"<p>Con su uniforme azul y blanco, acompa\u00f1ado por sus compa\u00f1eritos de clases, maestros, padres y madres de familia, as\u00ed recibi\u00f3 su diploma de Sexto Grado, Isaac de Jes\u00fas Granja Delgado, durante la primera promoci\u00f3n de ni\u00f1os con discapacidad, en San Carlos, R\u00edo San Juan. La historia de este ni\u00f1o, se da a conocer gracias a [&hellip;]<\/p>\n","protected":false},"author":1,"featured_media":2601,"comment_status":"closed","ping_status":"closed","sticky":false,"template":"","format":"standard","meta":{"footnotes":""},"categories":[50],"tags":[],"class_list":["post-2600","post","type-post","status-publish","format-standard","has-post-thumbnail","hentry","category-historias-de-vida"],"_links":{"self":[{"href":"https:\/\/www.mined.gob.ni\/mapadelaeducacion\/wp-json\/wp\/v2\/posts\/2600","targetHints":{"allow":["GET"]}}],"collection":[{"href":"https:\/\/www.mined.gob.ni\/mapadelaeducacion\/wp-json\/wp\/v2\/posts"}],"about":[{"href":"https:\/\/www.mined.gob.ni\/mapadelaeducacion\/wp-json\/wp\/v2\/types\/post"}],"author":[{"embeddable":true,"href":"https:\/\/www.mined.gob.ni\/mapadelaeducacion\/wp-json\/wp\/v2\/users\/1"}],"replies":[{"embeddable":true,"href":"https:\/\/www.mined.gob.ni\/mapadelaeducacion\/wp-json\/wp\/v2\/comments?post=2600"}],"version-history":[{"count":1,"href":"https:\/\/www.mined.gob.ni\/mapadelaeducacion\/wp-json\/wp\/v2\/posts\/2600\/revisions"}],"predecessor-version":[{"id":2602,"href":"https:\/\/www.mined.gob.ni\/mapadelaeducacion\/wp-json\/wp\/v2\/posts\/2600\/revisions\/2602"}],"wp:featuredmedia":[{"embeddable":true,"href":"https:\/\/www.mined.gob.ni\/mapadelaeducacion\/wp-json\/wp\/v2\/media\/2601"}],"wp:attachment":[{"href":"https:\/\/www.mined.gob.ni\/mapadelaeducacion\/wp-json\/wp\/v2\/media?parent=2600"}],"wp:term":[{"taxonomy":"category","embeddable":true,"href":"https:\/\/www.mined.gob.ni\/mapadelaeducacion\/wp-json\/wp\/v2\/categories?post=2600"},{"taxonomy":"post_tag","embeddable":true,"href":"https:\/\/www.mined.gob.ni\/mapadelaeducacion\/wp-json\/wp\/v2\/tags?post=2600"}],"curies":[{"name":"wp","href":"https:\/\/api.w.org\/{rel}","templated":true}]}}