{"id":2606,"date":"2023-05-08T15:07:41","date_gmt":"2023-05-08T15:07:41","guid":{"rendered":"https:\/\/www.mined.gob.ni\/mapadelaeducacion\/?p=2606"},"modified":"2023-05-08T15:17:00","modified_gmt":"2023-05-08T15:17:00","slug":"conozca-al-primer-nicaraguense-alfabetizado-de-la-cna-en-1980","status":"publish","type":"post","link":"https:\/\/www.mined.gob.ni\/mapadelaeducacion\/conozca-al-primer-nicaraguense-alfabetizado-de-la-cna-en-1980\/","title":{"rendered":"Conozca al Primer Nicarag\u00fcense Alfabetizado de la CNA en 1980"},"content":{"rendered":"<div class=\"entry-content clearfix\">\n<p>Manuel Salvador Vivas ten\u00eda 31 a\u00f1os de edad, cuando vio la luz del saber que convertir\u00eda para siempre, la oscurana en claridad, sus primeras letras las aprendi\u00f3 con la Gran Cruzada Nacional de Alfabetizaci\u00f3n \u201cH\u00e9roes y M\u00e1rtires por la Liberaci\u00f3n de Nicaragua\u201d.<\/p>\n<p>Nandasmo, Masaya, fue uno de los municipios donde se desarroll\u00f3 esta cruzada, que dio inicio el 23 de marzo de 1980 y culmin\u00f3 el 23 de agosto del mismo a\u00f1o, donde se alfabetizaron a miles de nicarag\u00fcenses de todo el pa\u00eds, cumpliendo la misi\u00f3n del Comandante Carlos Fonseca Amador \u201cY tambi\u00e9n ens\u00e9\u00f1enles a leer\u201d.<\/p>\n<p>Con cartilla en mano, miles de j\u00f3venes se movilizaron a las zonas rurales, para llevar el pan del saber y aniquilar de un tajo el analfabetismo. Parte importante de esta historia fue Manuel Salvador Vivas, declarado Primer Alfabetizado a nivel nacional y Nandasmo se convirti\u00f3 en el Primer Municipio Libre de Analfabetismo.<\/p>\n<p><img loading=\"lazy\" decoding=\"async\" class=\"aligncenter wp-image-32070 size-full\" src=\"https:\/\/www.mined.gob.ni\/wp-content\/uploads\/2022\/08\/20220818_093606.jpg\" sizes=\"auto, (max-width: 2576px) 100vw, 2576px\" srcset=\"https:\/\/www.mined.gob.ni\/wp-content\/uploads\/2022\/08\/20220818_093606.jpg 2576w, https:\/\/www.mined.gob.ni\/wp-content\/uploads\/2022\/08\/20220818_093606-300x183.jpg 300w, https:\/\/www.mined.gob.ni\/wp-content\/uploads\/2022\/08\/20220818_093606-768x470.jpg 768w, https:\/\/www.mined.gob.ni\/wp-content\/uploads\/2022\/08\/20220818_093606-1024x626.jpg 1024w\" alt=\"\" width=\"2576\" height=\"1575\" \/><\/p>\n<p>\u201cFue algo incre\u00edble para m\u00ed, porque si bien es cierto estoy aqu\u00ed ahorita, tambi\u00e9n he estado en otros momentos importantes, como el acto donde estuvo el Comandante Daniel Ortega aqu\u00ed en Nandasmo y compartimos tarima, donde fu\u00ed delegado como Primer Alfabetizado, para llevar ese mensaje y ejemplo para m\u00e1s nicarag\u00fcenses\u201d, afirm\u00f3 Vivas.<\/p>\n<p>Vivas relat\u00f3 que, no tuvo la oportunidad de estudiar por diversas circunstancias y dificultades familiares \u201csolo serv\u00eda para ser mandadero y trabajar\u201d, asegur\u00f3.<\/p>\n<p><img loading=\"lazy\" decoding=\"async\" class=\"aligncenter wp-image-32075 size-full\" src=\"https:\/\/www.mined.gob.ni\/wp-content\/uploads\/2022\/08\/20220818_100427.jpg\" sizes=\"auto, (max-width: 3697px) 100vw, 3697px\" srcset=\"https:\/\/www.mined.gob.ni\/wp-content\/uploads\/2022\/08\/20220818_100427.jpg 3697w, https:\/\/www.mined.gob.ni\/wp-content\/uploads\/2022\/08\/20220818_100427-300x261.jpg 300w, https:\/\/www.mined.gob.ni\/wp-content\/uploads\/2022\/08\/20220818_100427-768x668.jpg 768w, https:\/\/www.mined.gob.ni\/wp-content\/uploads\/2022\/08\/20220818_100427-1024x890.jpg 1024w\" alt=\"\" width=\"3697\" height=\"3215\" \/><\/p>\n<p>Durante su proceso de alfabetizaci\u00f3n, estaba casado y ten\u00eda tres hijos, despu\u00e9s de trabajar a las seis de la tarde se reun\u00eda en su casa, con un grupo de cinco personas dispuestas a ser parte de la historia, fueron gratos momentos que vivieron junto a su alfabetizador Crist\u00f3bal L\u00f3pez, actualmente docente.<\/p>\n<p>\u201cFueron tantos buenos momentos y no sab\u00edamos, no nos imagin\u00e1bamos la importancia de ese momento\u201d, expres\u00f3.<\/p>\n<p>Actualmente, solo hay palabras de satisfacci\u00f3n y orgullo de haber aprendido a leer y escribir con la alfabetizaci\u00f3n, una epopeya que marc\u00f3 la historia de Nicaragua, en la cual se redujo los \u00edndices de analfabetismo de un 50.35% al 12.96%.<\/p>\n<p><img loading=\"lazy\" decoding=\"async\" class=\"aligncenter wp-image-32071 size-full\" src=\"https:\/\/www.mined.gob.ni\/wp-content\/uploads\/2022\/08\/20220818_093938.jpg\" sizes=\"auto, (max-width: 4608px) 100vw, 4608px\" srcset=\"https:\/\/www.mined.gob.ni\/wp-content\/uploads\/2022\/08\/20220818_093938.jpg 4608w, https:\/\/www.mined.gob.ni\/wp-content\/uploads\/2022\/08\/20220818_093938-300x203.jpg 300w, https:\/\/www.mined.gob.ni\/wp-content\/uploads\/2022\/08\/20220818_093938-768x520.jpg 768w, https:\/\/www.mined.gob.ni\/wp-content\/uploads\/2022\/08\/20220818_093938-1024x694.jpg 1024w\" alt=\"\" width=\"4608\" height=\"3121\" \/><\/p>\n<p>El consejo de Vivas, de actualmente 71 a\u00f1os de edad, para las nuevas generaciones, es ser disciplinados y aprovechar las oportunidades de educaci\u00f3n que tienen con el Gobierno Sandinista, profesionalizarse y salir adelante, para ser un orgullo de ellos mismos y sus familias.<\/p>\n<p>Este mensaje, tambi\u00e9n lo ha aplicado con sus hijos, hijas y nietos, quienes han logrado coronar carreras profesionales.<\/p>\n<p>\u201cDoy las gracias a las ense\u00f1anzas de mi pap\u00e1 y mi mam\u00e1 que nos inculcaron valores para crecer como buenas personas y sobre todo por la educaci\u00f3n\u201d, manifest\u00f3 Manuel Salvador Vivas Vivas, hijo menor de Don Manuel.<\/p>\n<p><img loading=\"lazy\" decoding=\"async\" class=\"aligncenter wp-image-32072 size-full\" src=\"https:\/\/www.mined.gob.ni\/wp-content\/uploads\/2022\/08\/20220818_090901.jpg\" sizes=\"auto, (max-width: 3121px) 100vw, 3121px\" srcset=\"https:\/\/www.mined.gob.ni\/wp-content\/uploads\/2022\/08\/20220818_090901.jpg 3121w, https:\/\/www.mined.gob.ni\/wp-content\/uploads\/2022\/08\/20220818_090901-258x300.jpg 258w, https:\/\/www.mined.gob.ni\/wp-content\/uploads\/2022\/08\/20220818_090901-768x893.jpg 768w, https:\/\/www.mined.gob.ni\/wp-content\/uploads\/2022\/08\/20220818_090901-880x1024.jpg 880w\" alt=\"\" width=\"3121\" height=\"3631\" \/><\/p>\n<p>\u201cSiento un gran orgullo por mi padre porque a como \u00e9l mismo lo dijo, el hecho de haber realizado estudios en la cruzada, es un logro personal y de la revoluci\u00f3n, pero como familia nos sentimos orgullos, no solo porque nuestro municipio fue declarado Primer Territorio Libre de Analfabetismo, sino, porque mi padre port\u00f3 ese estandarte en la historia, y ahora 42 a\u00f1os despu\u00e9s, la educaci\u00f3n de adultos sigue siendo una prioridad para este gobierno\u201d, resalt\u00f3 Vivas Vivas.<\/p>\n<p>En 1980 con la Gran Cruzada Nacional de Alfabetizaci\u00f3n \u201cH\u00e9roes y M\u00e1rtires por la Liberaci\u00f3n de Nicaragua\u201d, se alfabetiz\u00f3 a 406,056 nicarag\u00fcenses.<\/p>\n<p>Para mayor informaci\u00f3n visitar:<a href=\"https:\/\/www.mined.gob.ni\/museo\/#fwdmspPlayer0?catid=0&amp;trackid=0\"> <u>Cruzada Nacional de Alfabetizaci\u00f3n <\/u><\/a><\/p>\n<div id=\"gallery-1\" class=\"gallery galleryid-32069 gallery-columns-1 gallery-size-full\">\n<figure class=\"gallery-item\">\n<div class=\"gallery-icon landscape\"><a href=\"https:\/\/www.mined.gob.ni\/conozca-al-primer-nicaraguense-alfabetizado-de-la-cna-en-1980\/20220818_094104\/\"><img loading=\"lazy\" decoding=\"async\" class=\"attachment-full size-full\" src=\"https:\/\/www.mined.gob.ni\/wp-content\/uploads\/2022\/08\/20220818_094104.jpg\" sizes=\"auto, (max-width: 4608px) 100vw, 4608px\" srcset=\"https:\/\/www.mined.gob.ni\/wp-content\/uploads\/2022\/08\/20220818_094104.jpg 4608w, https:\/\/www.mined.gob.ni\/wp-content\/uploads\/2022\/08\/20220818_094104-300x225.jpg 300w, https:\/\/www.mined.gob.ni\/wp-content\/uploads\/2022\/08\/20220818_094104-768x576.jpg 768w, https:\/\/www.mined.gob.ni\/wp-content\/uploads\/2022\/08\/20220818_094104-1024x768.jpg 1024w, https:\/\/www.mined.gob.ni\/wp-content\/uploads\/2022\/08\/20220818_094104-600x450.jpg 600w\" alt=\"\" width=\"4608\" height=\"3456\" \/><\/a><\/div>\n<\/figure>\n<figure class=\"gallery-item\">\n<div class=\"gallery-icon landscape\"><a href=\"https:\/\/www.mined.gob.ni\/conozca-al-primer-nicaraguense-alfabetizado-de-la-cna-en-1980\/20220818_100109\/\"><img loading=\"lazy\" decoding=\"async\" class=\"attachment-full size-full\" src=\"https:\/\/www.mined.gob.ni\/wp-content\/uploads\/2022\/08\/20220818_100109.jpg\" sizes=\"auto, (max-width: 3745px) 100vw, 3745px\" srcset=\"https:\/\/www.mined.gob.ni\/wp-content\/uploads\/2022\/08\/20220818_100109.jpg 3745w, https:\/\/www.mined.gob.ni\/wp-content\/uploads\/2022\/08\/20220818_100109-300x277.jpg 300w, https:\/\/www.mined.gob.ni\/wp-content\/uploads\/2022\/08\/20220818_100109-768x709.jpg 768w, https:\/\/www.mined.gob.ni\/wp-content\/uploads\/2022\/08\/20220818_100109-1024x945.jpg 1024w\" alt=\"\" width=\"3745\" height=\"3456\" \/><\/a><\/div>\n<\/figure>\n<\/div>\n<\/div>\n","protected":false},"excerpt":{"rendered":"<p>Manuel Salvador Vivas ten\u00eda 31 a\u00f1os de edad, cuando vio la luz del saber que convertir\u00eda para siempre, la oscurana en claridad, sus primeras letras las aprendi\u00f3 con la Gran Cruzada Nacional de Alfabetizaci\u00f3n \u201cH\u00e9roes y M\u00e1rtires por la Liberaci\u00f3n de Nicaragua\u201d. Nandasmo, Masaya, fue uno de los municipios donde se desarroll\u00f3 esta cruzada, que [&hellip;]<\/p>\n","protected":false},"author":1,"featured_media":2607,"comment_status":"closed","ping_status":"closed","sticky":false,"template":"","format":"standard","meta":{"footnotes":""},"categories":[50],"tags":[],"class_list":["post-2606","post","type-post","status-publish","format-standard","has-post-thumbnail","hentry","category-historias-de-vida"],"_links":{"self":[{"href":"https:\/\/www.mined.gob.ni\/mapadelaeducacion\/wp-json\/wp\/v2\/posts\/2606","targetHints":{"allow":["GET"]}}],"collection":[{"href":"https:\/\/www.mined.gob.ni\/mapadelaeducacion\/wp-json\/wp\/v2\/posts"}],"about":[{"href":"https:\/\/www.mined.gob.ni\/mapadelaeducacion\/wp-json\/wp\/v2\/types\/post"}],"author":[{"embeddable":true,"href":"https:\/\/www.mined.gob.ni\/mapadelaeducacion\/wp-json\/wp\/v2\/users\/1"}],"replies":[{"embeddable":true,"href":"https:\/\/www.mined.gob.ni\/mapadelaeducacion\/wp-json\/wp\/v2\/comments?post=2606"}],"version-history":[{"count":2,"href":"https:\/\/www.mined.gob.ni\/mapadelaeducacion\/wp-json\/wp\/v2\/posts\/2606\/revisions"}],"predecessor-version":[{"id":2609,"href":"https:\/\/www.mined.gob.ni\/mapadelaeducacion\/wp-json\/wp\/v2\/posts\/2606\/revisions\/2609"}],"wp:featuredmedia":[{"embeddable":true,"href":"https:\/\/www.mined.gob.ni\/mapadelaeducacion\/wp-json\/wp\/v2\/media\/2607"}],"wp:attachment":[{"href":"https:\/\/www.mined.gob.ni\/mapadelaeducacion\/wp-json\/wp\/v2\/media?parent=2606"}],"wp:term":[{"taxonomy":"category","embeddable":true,"href":"https:\/\/www.mined.gob.ni\/mapadelaeducacion\/wp-json\/wp\/v2\/categories?post=2606"},{"taxonomy":"post_tag","embeddable":true,"href":"https:\/\/www.mined.gob.ni\/mapadelaeducacion\/wp-json\/wp\/v2\/tags?post=2606"}],"curies":[{"name":"wp","href":"https:\/\/api.w.org\/{rel}","templated":true}]}}